{"id":138,"date":"2006-04-28T13:43:22","date_gmt":"2006-04-28T11:43:22","guid":{"rendered":"http:\/\/www.dissonanzstudien.de\/blog\/?p=138"},"modified":"2006-05-22T20:34:40","modified_gmt":"2006-05-22T18:34:40","slug":"eine-arena-fur-die-massen-und-o2-mittendrin","status":"publish","type":"post","link":"https:\/\/www.dissonanzstudien.de\/blog\/2006\/04\/28\/eine-arena-fur-die-massen-und-o2-mittendrin\/","title":{"rendered":"eine arena f\u00fcr die massen &#8211; und o2 mittendrin"},"content":{"rendered":"<p>eigentlich nur wegen des zitats interessant, wo ich mich frage, ob o2 sich damit nicht ein bisschen \u00fcbernimmt&#8230;  <\/p>\n<blockquote><p>Die Halle selbst wird ausschlie\u00dflich privat finanziert. 150 Millionen Euro soll sie kosten. Wie viel das Unternehmen O2 mit dem Erwerb der Namensrechte beitr\u00e4gt, will keiner der Partner verraten. Insider sprechen von einer hohen zweistelligen Summe.<\/p><\/blockquote>\n<p>wer dar\u00fcber hinaus noch mehr \u00fcber den neuen mehrzweck-palast am ostbahnhof wissen m\u00f6chte: <a href=\"http:\/\/www.berlinonline.de\/berliner-zeitung\/berlin\/545979.html\">klick<\/a>.<\/p>\n","protected":false},"excerpt":{"rendered":"<p>eigentlich nur wegen des zitats interessant, wo ich mich frage, ob o2 sich damit nicht ein bisschen \u00fcbernimmt&#8230; Die Halle selbst wird ausschlie\u00dflich privat finanziert. 150 Millionen Euro soll sie kosten. Wie viel das Unternehmen O2 mit dem Erwerb der Namensrechte beitr\u00e4gt, will keiner der Partner verraten. Insider sprechen von einer hohen zweistelligen Summe. wer&hellip;<\/p>\n","protected":false},"author":1,"featured_media":0,"comment_status":"open","ping_status":"open","sticky":false,"template":"","format":"standard","meta":{"_lmt_disableupdate":"","_lmt_disable":"","footnotes":""},"categories":[15,12],"tags":[],"class_list":["post-138","post","type-post","status-publish","format-standard","hentry","category-ins-netz-gegangen","category-was-mit-medien"],"modified_by":null,"_links":{"self":[{"href":"https:\/\/www.dissonanzstudien.de\/blog\/wp-json\/wp\/v2\/posts\/138","targetHints":{"allow":["GET"]}}],"collection":[{"href":"https:\/\/www.dissonanzstudien.de\/blog\/wp-json\/wp\/v2\/posts"}],"about":[{"href":"https:\/\/www.dissonanzstudien.de\/blog\/wp-json\/wp\/v2\/types\/post"}],"author":[{"embeddable":true,"href":"https:\/\/www.dissonanzstudien.de\/blog\/wp-json\/wp\/v2\/users\/1"}],"replies":[{"embeddable":true,"href":"https:\/\/www.dissonanzstudien.de\/blog\/wp-json\/wp\/v2\/comments?post=138"}],"version-history":[{"count":0,"href":"https:\/\/www.dissonanzstudien.de\/blog\/wp-json\/wp\/v2\/posts\/138\/revisions"}],"wp:attachment":[{"href":"https:\/\/www.dissonanzstudien.de\/blog\/wp-json\/wp\/v2\/media?parent=138"}],"wp:term":[{"taxonomy":"category","embeddable":true,"href":"https:\/\/www.dissonanzstudien.de\/blog\/wp-json\/wp\/v2\/categories?post=138"},{"taxonomy":"post_tag","embeddable":true,"href":"https:\/\/www.dissonanzstudien.de\/blog\/wp-json\/wp\/v2\/tags?post=138"}],"curies":[{"name":"wp","href":"https:\/\/api.w.org\/{rel}","templated":true}]}}