{"id":2149,"date":"2011-07-16T06:47:38","date_gmt":"2011-07-16T04:47:38","guid":{"rendered":"http:\/\/www.dissonanzstudien.de\/blog\/?p=2149"},"modified":"2011-07-16T06:48:47","modified_gmt":"2011-07-16T04:48:47","slug":"komplementare-kompetenzen","status":"publish","type":"post","link":"https:\/\/www.dissonanzstudien.de\/blog\/2011\/07\/16\/komplementare-kompetenzen\/","title":{"rendered":"komplement\u00e4re kompetenzen"},"content":{"rendered":"<p>schon eine interessante kombination. ist die ausbildung mit praktika im jeweils anderen feld verkn\u00fcpft, was man sich analog zu den bachelor- und master-studieng\u00e4ngen im &#8222;freien wahlbereich&#8220; anrechnen lassen k\u00f6nnte? oder sind pflegeheime seit neuestem zielscheibe von kleinkriminellen?<\/p>\n<p><a href=\"https:\/\/www.dissonanzstudien.de\/blog\/wp-content\/data\/2011\/07\/flexibilitaetistoberstesgebot.jpg\"><img loading=\"lazy\" decoding=\"async\" class=\"alignnone size-full wp-image-2150\" title=\"flexibilitaetistoberstesgebot\" src=\"https:\/\/www.dissonanzstudien.de\/blog\/wp-content\/data\/2011\/07\/flexibilitaetistoberstesgebot.jpg\" alt=\"\" width=\"982\" height=\"266\" srcset=\"https:\/\/www.dissonanzstudien.de\/blog\/wp-content\/data\/2011\/07\/flexibilitaetistoberstesgebot.jpg 2045w, https:\/\/www.dissonanzstudien.de\/blog\/wp-content\/data\/2011\/07\/flexibilitaetistoberstesgebot-300x81.jpg 300w, https:\/\/www.dissonanzstudien.de\/blog\/wp-content\/data\/2011\/07\/flexibilitaetistoberstesgebot-1024x277.jpg 1024w\" sizes=\"auto, (max-width: 982px) 100vw, 982px\" \/><\/a><\/p>\n<p>(fotografiert in der u5 h\u00f6he weberwiese, 15.07.2011, 23:52 uhr)<\/p>\n","protected":false},"excerpt":{"rendered":"<p>schon eine interessante kombination. ist die ausbildung mit praktika im jeweils anderen feld verkn\u00fcpft, was man sich analog zu den bachelor- und master-studieng\u00e4ngen im &#8222;freien wahlbereich&#8220; anrechnen lassen k\u00f6nnte? oder sind pflegeheime seit neuestem zielscheibe von kleinkriminellen? (fotografiert in der u5 h\u00f6he weberwiese, 15.07.2011, 23:52 uhr)<\/p>\n","protected":false},"author":1,"featured_media":0,"comment_status":"open","ping_status":"open","sticky":false,"template":"","format":"standard","meta":{"_lmt_disableupdate":"","_lmt_disable":"","footnotes":""},"categories":[11,5],"tags":[],"class_list":["post-2149","post","type-post","status-publish","format-standard","hentry","category-notizen","category-stadtleben"],"modified_by":"stype","_links":{"self":[{"href":"https:\/\/www.dissonanzstudien.de\/blog\/wp-json\/wp\/v2\/posts\/2149","targetHints":{"allow":["GET"]}}],"collection":[{"href":"https:\/\/www.dissonanzstudien.de\/blog\/wp-json\/wp\/v2\/posts"}],"about":[{"href":"https:\/\/www.dissonanzstudien.de\/blog\/wp-json\/wp\/v2\/types\/post"}],"author":[{"embeddable":true,"href":"https:\/\/www.dissonanzstudien.de\/blog\/wp-json\/wp\/v2\/users\/1"}],"replies":[{"embeddable":true,"href":"https:\/\/www.dissonanzstudien.de\/blog\/wp-json\/wp\/v2\/comments?post=2149"}],"version-history":[{"count":3,"href":"https:\/\/www.dissonanzstudien.de\/blog\/wp-json\/wp\/v2\/posts\/2149\/revisions"}],"predecessor-version":[{"id":2153,"href":"https:\/\/www.dissonanzstudien.de\/blog\/wp-json\/wp\/v2\/posts\/2149\/revisions\/2153"}],"wp:attachment":[{"href":"https:\/\/www.dissonanzstudien.de\/blog\/wp-json\/wp\/v2\/media?parent=2149"}],"wp:term":[{"taxonomy":"category","embeddable":true,"href":"https:\/\/www.dissonanzstudien.de\/blog\/wp-json\/wp\/v2\/categories?post=2149"},{"taxonomy":"post_tag","embeddable":true,"href":"https:\/\/www.dissonanzstudien.de\/blog\/wp-json\/wp\/v2\/tags?post=2149"}],"curies":[{"name":"wp","href":"https:\/\/api.w.org\/{rel}","templated":true}]}}