{"id":290,"date":"2006-11-27T21:48:35","date_gmt":"2006-11-27T20:48:35","guid":{"rendered":"http:\/\/www.dissonanzstudien.de\/blog\/?p=290"},"modified":"2006-11-27T22:22:37","modified_gmt":"2006-11-27T21:22:37","slug":"der-fahrplanwechsel-der-bvg-zum-10-dezember-2006","status":"publish","type":"post","link":"https:\/\/www.dissonanzstudien.de\/blog\/2006\/11\/27\/der-fahrplanwechsel-der-bvg-zum-10-dezember-2006\/","title":{"rendered":"der fahrplanwechsel der bvg zum 10. dezember 2006"},"content":{"rendered":"<p>da sag nochmal einer, dass beschwerden nichts bringen, obwohl ich seinerzeit im mai mit sicherheit nicht der einzige gewesen bin, dem die vernachl\u00e4ssigung des friedrichshainer s\u00fcdkiezes etwas quer im magen lag.<\/p>\n<p>ich zitiere einfach die <a target=\"_blank\" href=\"http:\/\/www.bvg.de\/index.php\/de\/Bvg\/Detail\/folder\/1093\/id\/135423\/nb\/1\/name\/Nachts+leichter+nach+Friedrichshain\">bvg<\/a> selbst, weil ich den inhalt eh h\u00f6chstens paraphrasieren (herrliches wort) w\u00fcrde.<\/p>\n<blockquote>\n<p class=\"bold first_paragraph\"><u>Das Szene-Viertel rund um den Boxhagener Platz in Friedrichshain und der Ostbahnhof r\u00fccken n\u00e4her zusammen &#8211; jetzt auch nachts.<\/u><\/p>\n<p>Bislang fuhr der Nachtbus N40 von U Turmstra\u00dfe \u00fcber S+U Hauptbahnhof, U Rosenthaler Platz, S Hackescher Markt, S+U Jannowitzbr\u00fccke und S Ostbahnhof bis U Hermannplatz. Ab 10. Dezember 2006 wird diese Linie ab S Ostbahnhof \u00fcber Stra\u00dfe der Pariser Kommune, R\u00fcdersdorfer Stra\u00dfe, Wedekindstra\u00dfe und Gr\u00fcnberger Stra\u00dfe bis zum W\u00fchlischplatz gef\u00fchrt. Dadurch wird der Ostbahnhof nachts besser an den Friedrichshainer Kiez rings um die Simon-Dach-Stra\u00dfe und die MetroLinien M10 und M13 angebunden.<\/p>\n<p>F\u00fcr den bisher vom N40 bedienten Streckenabschnitt zwischen S Ostbahnhof und U Hermannplatz wird die neue Nachtbuslinie N47 eingerichtet.<\/p><\/blockquote>\n<p>balsam f\u00fcr die fu\u00dfg\u00e4nger-seele, obwohl es bei den derzeitigen warteschlangen vor&#8217;m berghain schon ratsam w\u00e4re, vor 1h loszugehen. trotzdem klasse zu wissen, dass man es auch sp\u00e4ter k\u00f6nnte. neben dem hauptbahnhof f\u00e4hrt die linie au\u00dferdem an der jannowitzbr\u00fccke vorbei, was schon mal sehr g\u00fcnstig f\u00fcr k\u00fcnftige tresor-g\u00e4nger ist.<\/p>\n<p>gratuliere, bvg! sehen die neuk\u00f6llner das auch so? \ud83d\ude09<\/p>\n","protected":false},"excerpt":{"rendered":"<p>da sag nochmal einer, dass beschwerden nichts bringen, obwohl ich seinerzeit im mai mit sicherheit nicht der einzige gewesen bin, dem die vernachl\u00e4ssigung des friedrichshainer s\u00fcdkiezes etwas quer im magen lag. ich zitiere einfach die bvg selbst, weil ich den inhalt eh h\u00f6chstens paraphrasieren (herrliches wort) w\u00fcrde. Das Szene-Viertel rund um den Boxhagener Platz in&hellip;<\/p>\n","protected":false},"author":1,"featured_media":0,"comment_status":"open","ping_status":"open","sticky":false,"template":"","format":"standard","meta":{"_lmt_disableupdate":"","_lmt_disable":"","footnotes":""},"categories":[11,5],"tags":[],"class_list":["post-290","post","type-post","status-publish","format-standard","hentry","category-notizen","category-stadtleben"],"modified_by":null,"_links":{"self":[{"href":"https:\/\/www.dissonanzstudien.de\/blog\/wp-json\/wp\/v2\/posts\/290","targetHints":{"allow":["GET"]}}],"collection":[{"href":"https:\/\/www.dissonanzstudien.de\/blog\/wp-json\/wp\/v2\/posts"}],"about":[{"href":"https:\/\/www.dissonanzstudien.de\/blog\/wp-json\/wp\/v2\/types\/post"}],"author":[{"embeddable":true,"href":"https:\/\/www.dissonanzstudien.de\/blog\/wp-json\/wp\/v2\/users\/1"}],"replies":[{"embeddable":true,"href":"https:\/\/www.dissonanzstudien.de\/blog\/wp-json\/wp\/v2\/comments?post=290"}],"version-history":[{"count":0,"href":"https:\/\/www.dissonanzstudien.de\/blog\/wp-json\/wp\/v2\/posts\/290\/revisions"}],"wp:attachment":[{"href":"https:\/\/www.dissonanzstudien.de\/blog\/wp-json\/wp\/v2\/media?parent=290"}],"wp:term":[{"taxonomy":"category","embeddable":true,"href":"https:\/\/www.dissonanzstudien.de\/blog\/wp-json\/wp\/v2\/categories?post=290"},{"taxonomy":"post_tag","embeddable":true,"href":"https:\/\/www.dissonanzstudien.de\/blog\/wp-json\/wp\/v2\/tags?post=290"}],"curies":[{"name":"wp","href":"https:\/\/api.w.org\/{rel}","templated":true}]}}