{"id":3049,"date":"2013-09-19T23:28:10","date_gmt":"2013-09-19T21:28:10","guid":{"rendered":"http:\/\/www.dissonanzstudien.de\/blog\/?p=3049"},"modified":"2013-09-26T23:39:44","modified_gmt":"2013-09-26T21:39:44","slug":"brd-22-09-2013-bundestagswahl-2013","status":"publish","type":"post","link":"https:\/\/www.dissonanzstudien.de\/blog\/2013\/09\/19\/brd-22-09-2013-bundestagswahl-2013\/","title":{"rendered":"[brd \/ 22.09.2013] bundestagswahl 2013"},"content":{"rendered":"<p>und wieder eine legislaturperiode ausgesessen. plakate vielerlei couleur zieren das stadtbild und der allgemeine verdruss steht in ungef\u00e4hr proportionalem verh\u00e4ltnis zum tatendrang der regierung merkel.<\/p>\n<p>auch wenn ich keine gro\u00dfen hoffnungen hege, dass es etwas anderes als eine gro\u00dfe koalition wird (am ende schafft es sogar wieder die fdp in den bundestag &#8211; schaut mal spa\u00dfenshalber hier im archiv nach deren 2009er-ergebnis, ich habe nicht schlecht gestaunt): ich will wenigstens versucht haben, weitere vier jahre politik ohne klare kante zu verhindern. die zeigt der herr steinbr\u00fcck zwar im wahlkampf, der (sei es die arbeit, sei es die gewohnheit, mich davon nicht beeinflussen lassen zu wollen) in diesem jahr besonders an mir vorbeizieht, aber mir scheint, dass das ein politikstil scheint, der aktuell nicht gefragt ist.<\/p>\n<p>macht also sonntags zwischen der zweiten und dritten afterhour bitte einen ausflug ins wahllokal oder geht vorher zum b\u00fcrgeramt eures vertrauens. da klappt das mit dem antrag auf die wahlunterlagen mit abstand am schnellsten und ihr k\u00f6nnt das gleich vor ort erledigen. wie ich diese woche lernen durfte, ist eine ung\u00fcltige stimme auch eine weggeworfene, die genauso viel wert ist wie eine verweigerte. daher macht euch bitte gedanken, was es werden soll, so dass wenigstens die braunen splitterparteien aufgrund zu geringer wahlbeteiligung noch zusch\u00fcsse abgreifen.<\/p>\n<p>das wahlegebnis wird dann hier stehen, wenn es vorl\u00e4ufig amtlich ist.<\/p>\n<p><span style=\"text-decoration: underline;\">bundesweit (wahlbeteiligung: 71,5%)<\/span><br \/>\nspd: 25,7%<br \/>\ngr\u00fcne: 8,4%<br \/>\ncdu: 34,1%<br \/>\ncsu: 7,4%<br \/>\ndie linke: 8,6%<br \/>\nfdp: 4,8%<br \/>\nafd: 4,7%<br \/>\nsonstige: 6,2%<\/p>\n<p>f\u00fcr berlin gebe ich zwei ergebnisse an: die meines wahlbezirkes und die von berlin insgesamt, getrennt durch den senkrechten strich (&#8222;|&#8220;).<\/p>\n<p><span style=\"text-decoration: underline;\">f\u00fcr den wahlbezirk 607 (wahlbeteiligung: 55,7%, allerdings ohne briefw\u00e4hler) | berlin (wahlbeteiligung: 72,4%)<\/span><br \/>\nspd: 23,1 % | 24,6%<br \/>\ngr\u00fcne: 25,7% | 12,3%<br \/>\ncdu: 11,4% | 28,5%<br \/>\ndie linke: 23,3% | 18,5%<br \/>\npiraten: 8,5% | 3,6%<br \/>\nfdp: 1,8% | 3,6%<br \/>\ndie partei: 2,7% | 1,0%<br \/>\nafd: 2,3% | 4,9%<br \/>\nnpd: 0,5% | 1,5%<br \/>\nrep: 0,0% | 0,1%<br \/>\nsonstige: 0,7%<\/p>\n<p>bemerkenswert hierbei, dass hier so einige stimmensplitting betrieben haben. hans-christian str\u00f6bele wurde mit 48,4% der stimmen direkt in den bundestag gew\u00e4hlt. so gut wie jede zweite stimme wanderte auf dem wahlzettel woanders hin.<br \/>\nsonst freue ich mich \u00fcber den denkzettel f\u00fcr die fdp und dass die regierungsbildung nicht ausschlie\u00dflich mit der cdu stattfindet. ich erwarte dennoch keine allzu spannende legislaturperiode \/ erhoffe mir erzwungene neuwahlen in ca. 12 bis 18 monaten. das mit der mobilisierung scheint hierzulande ja doch tats\u00e4chlich zu klappen, auch wenn ich mir die gro\u00dfe unbekannte (und mir etwas suspekte) afd beizeiten mal n\u00e4her anschauen muss.<\/p>\n","protected":false},"excerpt":{"rendered":"<p>und wieder eine legislaturperiode ausgesessen. plakate vielerlei couleur zieren das stadtbild und der allgemeine verdruss steht in ungef\u00e4hr proportionalem verh\u00e4ltnis zum tatendrang der regierung merkel. auch wenn ich keine gro\u00dfen hoffnungen hege, dass es etwas anderes als eine gro\u00dfe koalition wird (am ende schafft es sogar wieder die fdp in den bundestag &#8211; schaut mal&hellip;<\/p>\n","protected":false},"author":1,"featured_media":0,"comment_status":"open","ping_status":"open","sticky":false,"template":"","format":"standard","meta":{"_lmt_disableupdate":"","_lmt_disable":"","footnotes":""},"categories":[5,6],"tags":[],"class_list":["post-3049","post","type-post","status-publish","format-standard","hentry","category-stadtleben","category-terminkalender"],"modified_by":"stype","_links":{"self":[{"href":"https:\/\/www.dissonanzstudien.de\/blog\/wp-json\/wp\/v2\/posts\/3049","targetHints":{"allow":["GET"]}}],"collection":[{"href":"https:\/\/www.dissonanzstudien.de\/blog\/wp-json\/wp\/v2\/posts"}],"about":[{"href":"https:\/\/www.dissonanzstudien.de\/blog\/wp-json\/wp\/v2\/types\/post"}],"author":[{"embeddable":true,"href":"https:\/\/www.dissonanzstudien.de\/blog\/wp-json\/wp\/v2\/users\/1"}],"replies":[{"embeddable":true,"href":"https:\/\/www.dissonanzstudien.de\/blog\/wp-json\/wp\/v2\/comments?post=3049"}],"version-history":[{"count":4,"href":"https:\/\/www.dissonanzstudien.de\/blog\/wp-json\/wp\/v2\/posts\/3049\/revisions"}],"predecessor-version":[{"id":3068,"href":"https:\/\/www.dissonanzstudien.de\/blog\/wp-json\/wp\/v2\/posts\/3049\/revisions\/3068"}],"wp:attachment":[{"href":"https:\/\/www.dissonanzstudien.de\/blog\/wp-json\/wp\/v2\/media?parent=3049"}],"wp:term":[{"taxonomy":"category","embeddable":true,"href":"https:\/\/www.dissonanzstudien.de\/blog\/wp-json\/wp\/v2\/categories?post=3049"},{"taxonomy":"post_tag","embeddable":true,"href":"https:\/\/www.dissonanzstudien.de\/blog\/wp-json\/wp\/v2\/tags?post=3049"}],"curies":[{"name":"wp","href":"https:\/\/api.w.org\/{rel}","templated":true}]}}