{"id":3796,"date":"2015-08-26T14:47:39","date_gmt":"2015-08-26T12:47:39","guid":{"rendered":"http:\/\/www.dissonanzstudien.de\/blog\/?p=3796"},"modified":"2017-07-10T22:48:30","modified_gmt":"2017-07-10T20:48:30","slug":"berlin-29-08-2015-mensch-meier-bewegungsfreiheit-6","status":"publish","type":"post","link":"https:\/\/www.dissonanzstudien.de\/blog\/2015\/08\/26\/berlin-29-08-2015-mensch-meier-bewegungsfreiheit-6\/","title":{"rendered":"[berlin \/ 29.08.2015] mensch meier: bewegungsfreiheit #6"},"content":{"rendered":"<p>fast f\u00fcnf monate sind seit der letzten bewegungsfreiheit im about blank vergangen, und gerade in den letzten f\u00fcnf wochen ist einiges passiert, was an deutschland anno 1992 erinnert &#8211; nur dieses mal auch mit unterst\u00fctzung aus dem (klein)b\u00fcrgerlichen lager, das mit ressentiments gegen\u00fcber den fremden, die sich in den leerstehenden geb\u00e4uden der nachbarschaft niederlassen, nicht mehr hinter dem berg h\u00e4lt.<br \/>\ndenen sei gesagt, dass das fl\u00fcchtlingsproblem nicht nur hierzulande offensichtlich ist &#8211; auch in england l\u00e4sst es sich bspw. nicht mehr verleugnen. nur wird das dort wenigstens gleich als europ\u00e4isches problem begriffen, das haben sie uns als ehemalige kolonialmacht mit entsprechend bunt durchmischter bev\u00f6lkerung wohl voraus. vielleicht ist es zu kurzsichtig von mir gedacht, die massenbewegungen in richtung europa aus nicht nur von kriegen, sondern auch aus den von humanit\u00e4ren krisen gepr\u00e4gten l\u00e4ndern als strukturelles problem zu sehen, an dem die eu einen nicht geringen anteil hat. die politische hilflosigkeit tut da ihr \u00fcbriges &#8211; wohlstand ist als opium f\u00fcr&#8217;s volk nicht zu untersch\u00e4tzen, daher ist dessen sicherung als pr\u00e4misse zur wahrung des status quo (lesen als &#8222;sichern der eigenen pfr\u00fcnde&#8220;) so schnell nicht vom tisch zu bekommen.<br \/>\nwie br\u00fcchig dies ist, merkt man ja jetzt. europa &#8211; mit deutschland als wirtschaftlichem triebmotor &#8211; verhei\u00dft frieden, sicherheit, humanit\u00e4ren mindeststandard. so sicher kann man sich bei allen von den drei genannten faktoren nicht mehr sein. zwar ist es gut gemeint, wenn man mit &#8222;pack&#8220; deutliche worte gegen\u00fcber dem braunen mob findet, aber das beseitigt die ursachen nicht und wird einigen eher noch ansporn sein.<br \/>\nnicht nur beim &#8222;pack&#8220;, sondern auch generell wird in puncto fl\u00fcchtlingsakzeptanz noch einiges zu leisten sein, da an den f\u00fcr die fl\u00fcchtlingsbewegungen zugrundeliegenden ursachen so schnell nicht ger\u00fcttelt wird &#8211; das w\u00e4re einfach zu fundamental.<\/p>\n<p>daher also die sechste bewegungsfreiheit im mensch meier &#8211; einen besseren grund f\u00fcr meinen zweiten besuch dort gibt es nicht.<\/p>\n<p><a href=\"https:\/\/www.dissonanzstudien.de\/blog\/?attachment_id=3797\" rel=\"attachment wp-att-3797\"><img loading=\"lazy\" decoding=\"async\" class=\"alignnone size-full wp-image-3797\" src=\"https:\/\/www.dissonanzstudien.de\/blog\/wp-content\/data\/2015\/08\/bewegungsfreiheit20150829.jpg\" alt=\"bewegungsfreiheit20150829\" width=\"2560\" height=\"949\" data-id=\"3797\" srcset=\"https:\/\/www.dissonanzstudien.de\/blog\/wp-content\/data\/2015\/08\/bewegungsfreiheit20150829.jpg 2560w, https:\/\/www.dissonanzstudien.de\/blog\/wp-content\/data\/2015\/08\/bewegungsfreiheit20150829-300x111.jpg 300w, https:\/\/www.dissonanzstudien.de\/blog\/wp-content\/data\/2015\/08\/bewegungsfreiheit20150829-1024x380.jpg 1024w, https:\/\/www.dissonanzstudien.de\/blog\/wp-content\/data\/2015\/08\/bewegungsfreiheit20150829-900x334.jpg 900w\" sizes=\"auto, (max-width: 2560px) 100vw, 2560px\" \/><\/a><\/p>\n<p><span style=\"text-decoration: underline;\">line-up<\/span><\/p>\n<p><strong>meinfloor<\/strong><br \/>\n00h00 brick<br \/>\n02h00 dj flush<br \/>\n04h00\u00a0alland byallo<br \/>\n06h00 akm\u00ea<\/p>\n<p><strong>theater<\/strong><br \/>\n01h00 tobias gullberg<br \/>\n03h00\u00a0manamana<br \/>\n06h00 daniela la luz <em>live<\/em><\/p>\n<p><strong>r\u00e4uberh\u00f6hle<\/strong><br \/>\n23h00\u00a0red rack&#8217;em<br \/>\n02h00 bewegungsfreiheit special<\/p>\n<p><strong>garten<\/strong><br \/>\n06h00 janoma &amp; doob<br \/>\n10h00 miriam schulte<br \/>\n12h00\u00a0wasn &amp; wunderwaffel<\/p>\n<p><span style=\"text-decoration: underline;\">eintritt<\/span><br \/>\n21-23 uhr: spende<br \/>\n23-01 uhr: 7 euro<br \/>\nab 01 uhr: 10 euro<\/p>\n<p><span style=\"text-decoration: underline;\">nachbetrachtung<\/span><br \/>\nhiermit habe ich mir fast zwei jahre zeit gelassen (wir schreiben den 10. juli 2017). nichtsdestoweniger ist mir bricks gelungene premiere in einem gr\u00f6\u00dferen club (mit &#8222;tanzmaschine&#8220; von knarz), ein wie immer gut zwischen heidelberg (alex cortex) und der insel (planetary assault systems) vermittelnder dj flush sowie ein ordentlich gef\u00fcllter garten in der fr\u00fche gegen 9 uhr in erinnerung. auch das einbinden der fl\u00fcchtlinge ins konzept hat gut gepasst, dennoch war die ganze angelegenheit etwas komplexer als im about blank &#8211; gerade was absprachen anging. und das mensch meier musste damals noch seinen platz im nachtleben suchen, was in der immer noch etwas verlassen wirkenden ecke an der grenze zu lichtenberg nach wie vor nicht leicht ist. will hei\u00dfen: beim about blank profitieren beide seiten von dessen lage, der stamm- sowie laufkundschaft und der jahrelangen bindung, was die bewegungsfreiheit dort noch runder macht.<\/p>\n<p>dennoch: passte und lieferte damit einen grund f\u00fcr die wiederholung in 2016.<\/p>\n","protected":false},"excerpt":{"rendered":"<p>fast f\u00fcnf monate sind seit der letzten bewegungsfreiheit im about blank vergangen, und gerade in den letzten f\u00fcnf wochen ist einiges passiert, was an deutschland anno 1992 erinnert &#8211; nur dieses mal auch mit unterst\u00fctzung aus dem (klein)b\u00fcrgerlichen lager, das mit ressentiments gegen\u00fcber den fremden, die sich in den leerstehenden geb\u00e4uden der nachbarschaft niederlassen, nicht&hellip;<\/p>\n","protected":false},"author":1,"featured_media":0,"comment_status":"open","ping_status":"open","sticky":false,"template":"","format":"standard","meta":{"_lmt_disableupdate":"","_lmt_disable":"","footnotes":""},"categories":[5,6],"tags":[26,27],"class_list":["post-3796","post","type-post","status-publish","format-standard","hentry","category-stadtleben","category-terminkalender","tag-bewegungsfreiheit","tag-mensch-meier"],"modified_by":"stype","_links":{"self":[{"href":"https:\/\/www.dissonanzstudien.de\/blog\/wp-json\/wp\/v2\/posts\/3796","targetHints":{"allow":["GET"]}}],"collection":[{"href":"https:\/\/www.dissonanzstudien.de\/blog\/wp-json\/wp\/v2\/posts"}],"about":[{"href":"https:\/\/www.dissonanzstudien.de\/blog\/wp-json\/wp\/v2\/types\/post"}],"author":[{"embeddable":true,"href":"https:\/\/www.dissonanzstudien.de\/blog\/wp-json\/wp\/v2\/users\/1"}],"replies":[{"embeddable":true,"href":"https:\/\/www.dissonanzstudien.de\/blog\/wp-json\/wp\/v2\/comments?post=3796"}],"version-history":[{"count":5,"href":"https:\/\/www.dissonanzstudien.de\/blog\/wp-json\/wp\/v2\/posts\/3796\/revisions"}],"predecessor-version":[{"id":4468,"href":"https:\/\/www.dissonanzstudien.de\/blog\/wp-json\/wp\/v2\/posts\/3796\/revisions\/4468"}],"wp:attachment":[{"href":"https:\/\/www.dissonanzstudien.de\/blog\/wp-json\/wp\/v2\/media?parent=3796"}],"wp:term":[{"taxonomy":"category","embeddable":true,"href":"https:\/\/www.dissonanzstudien.de\/blog\/wp-json\/wp\/v2\/categories?post=3796"},{"taxonomy":"post_tag","embeddable":true,"href":"https:\/\/www.dissonanzstudien.de\/blog\/wp-json\/wp\/v2\/tags?post=3796"}],"curies":[{"name":"wp","href":"https:\/\/api.w.org\/{rel}","templated":true}]}}