{"id":4084,"date":"2016-06-05T16:44:14","date_gmt":"2016-06-05T14:44:14","guid":{"rendered":"http:\/\/www.dissonanzstudien.de\/blog\/?p=4084"},"modified":"2016-07-12T22:17:31","modified_gmt":"2016-07-12T20:17:31","slug":"berlin-05-06-2016-velodrom-moderat","status":"publish","type":"post","link":"https:\/\/www.dissonanzstudien.de\/blog\/2016\/06\/05\/berlin-05-06-2016-velodrom-moderat\/","title":{"rendered":"[berlin \/ 05.06.2016] velodrom: moderat"},"content":{"rendered":"<p><a href=\"https:\/\/www.dissonanzstudien.de\/blog\/?attachment_id=4085\" rel=\"attachment wp-att-4085\"><img loading=\"lazy\" decoding=\"async\" class=\"alignnone size-full wp-image-4085\" src=\"https:\/\/www.dissonanzstudien.de\/blog\/wp-content\/data\/2016\/06\/moderat20160605.jpg\" alt=\"moderat20160605\" width=\"851\" height=\"315\" data-id=\"4085\" srcset=\"https:\/\/www.dissonanzstudien.de\/blog\/wp-content\/data\/2016\/06\/moderat20160605.jpg 851w, https:\/\/www.dissonanzstudien.de\/blog\/wp-content\/data\/2016\/06\/moderat20160605-300x111.jpg 300w, https:\/\/www.dissonanzstudien.de\/blog\/wp-content\/data\/2016\/06\/moderat20160605-768x284.jpg 768w\" sizes=\"auto, (max-width: 851px) 100vw, 851px\" \/><\/a><\/p>\n<p>sollte eigentlich wie bei der tour zum zweiten album in der columbiahalle stattfinden, wurde aber aufgrund der enormen nachfrage ins velodrom verlegt, in das maximal 12.000 leute passen (zum vergleich: bestenfalls ein drittel davon passt in die columbiahalle). damit wird die entwicklung fortgesetzt, wie sie sich vor zwei jahren schon andeutete, aber geg\u00f6nnt sei es ihnen nach wie vor. premiere im doppelten sinn f\u00fcr mich: velodrom sowie das erste \u00fcber ticketswap gekaufte ticket. ansonsten freue ich mich auch \u00fcber ein paar songs von den ersten beiden alben &#8211; nicht, dass das dritte schlecht w\u00e4re (im gegenteil), aber &#8222;ilona&#8220; fehlte mir vor zwei jahren schon.<br \/>\ndar\u00fcber hinaus gibt es shed im vorprogramm &#8211; auch ganz sch\u00f6n toll.<\/p>\n<p><span style=\"text-decoration: underline;\">nachbetrachtung<\/span><\/p>\n<p>eine gelungene premiere f\u00fcr alle beteiligten. das mit den tickets \u00fcber ticketswap hat jedenfalls geklappt, die organisation ebenfalls &#8211; zumindest musste ich nirgends lange warten, um ans ziel zu kommen. das geschah zugegebenerma\u00dfen aber auch recht zielstrebig: eingang bis innenraum recht weit vorne.<\/p>\n<p>im warm-up zum warm-up gab es ralf k\u00f6ster, der weite teile des (hervorragenden) &#8222;under the sun&#8220;-albums von mark pritchard auf warp spielte. bei shed hatte ich den eindruck, dass er sich mit der gr\u00f6\u00dfe der halle und des publikums etwas schwer tat &#8211; so exponiert, wie er auf der gro\u00dfen b\u00fchne mit dem eigenen namen hinter sich auf der leinwand stand. nach seinen letzten live-sets w\u00fcrde ich behaupten, dass er sich bei club-auftritten eher wohlf\u00fchlt. im velodrom waren es zwar tolle tracks, aber ein wirkliches set-gef\u00fchl kam dabei nicht zustande. aber gut, man hat es auch selten, dass das vorprogramm den hauptact \u00fcbertrifft.<br \/>\nwomit ich beim thema w\u00e4re: auch wenn ich seit dem modeselektor-auftritt zur f\u00eate de la musique anno 2013 im mauerpark wei\u00df, dass sie ein gro\u00dfes publikum gl\u00e4nzend bei laune halten k\u00f6nnen, blieb immer noch ein bisschen restsorge, ob das im velodrom nicht zu eine gro\u00dfe distanz sein k\u00f6nnte. anderthalb stunden sp\u00e4ter war das alles im nichts aufgel\u00f6st. sie spielten das aktuelle album fast komplett, vom ersten &#8222;a new error&#8220; (zweiter track) und &#8222;rusty nails&#8220; (ungef\u00e4hr in der mitte), vom zweiten durfte &#8222;bad kingdom&#8220; nicht fehlen. &#8222;last time&#8220; hatte es ja leider nicht auf &#8222;ii&#8220; geschafft, aber daf\u00fcr auf eine single danach &#8211; und ins konzert. letzter song \/ track war \u00fcberraschenderweise &#8222;animal trails&#8220;, der im live-kontext eine ganz sch\u00f6n wuchtige energie entfachte.<br \/>\nunn\u00f6tig zu erw\u00e4hnen, dass die visuals der pfadfinderei wieder einmal perfekt passten und die drei jungs mit der ihnen typischen mischung aus bescheidenheit und rampens\u00e4ue das publikum schnell auf ihrer seite hatten. das n\u00e4chste berlin-gastspiel f\u00e4llt auf den september 2017 in der wuhlheide. das ist schon mal im terminkalender markiert, obwohl das witterungstechnisch schon knifflig werden k\u00f6nnte.<\/p>\n","protected":false},"excerpt":{"rendered":"<p>sollte eigentlich wie bei der tour zum zweiten album in der columbiahalle stattfinden, wurde aber aufgrund der enormen nachfrage ins velodrom verlegt, in das maximal 12.000 leute passen (zum vergleich: bestenfalls ein drittel davon passt in die columbiahalle). damit wird die entwicklung fortgesetzt, wie sie sich vor zwei jahren schon andeutete, aber geg\u00f6nnt sei es&hellip;<\/p>\n","protected":false},"author":1,"featured_media":0,"comment_status":"open","ping_status":"open","sticky":false,"template":"","format":"standard","meta":{"_lmt_disableupdate":"","_lmt_disable":"","footnotes":""},"categories":[5,6],"tags":[],"class_list":["post-4084","post","type-post","status-publish","format-standard","hentry","category-stadtleben","category-terminkalender"],"modified_by":"stype","_links":{"self":[{"href":"https:\/\/www.dissonanzstudien.de\/blog\/wp-json\/wp\/v2\/posts\/4084","targetHints":{"allow":["GET"]}}],"collection":[{"href":"https:\/\/www.dissonanzstudien.de\/blog\/wp-json\/wp\/v2\/posts"}],"about":[{"href":"https:\/\/www.dissonanzstudien.de\/blog\/wp-json\/wp\/v2\/types\/post"}],"author":[{"embeddable":true,"href":"https:\/\/www.dissonanzstudien.de\/blog\/wp-json\/wp\/v2\/users\/1"}],"replies":[{"embeddable":true,"href":"https:\/\/www.dissonanzstudien.de\/blog\/wp-json\/wp\/v2\/comments?post=4084"}],"version-history":[{"count":4,"href":"https:\/\/www.dissonanzstudien.de\/blog\/wp-json\/wp\/v2\/posts\/4084\/revisions"}],"predecessor-version":[{"id":4148,"href":"https:\/\/www.dissonanzstudien.de\/blog\/wp-json\/wp\/v2\/posts\/4084\/revisions\/4148"}],"wp:attachment":[{"href":"https:\/\/www.dissonanzstudien.de\/blog\/wp-json\/wp\/v2\/media?parent=4084"}],"wp:term":[{"taxonomy":"category","embeddable":true,"href":"https:\/\/www.dissonanzstudien.de\/blog\/wp-json\/wp\/v2\/categories?post=4084"},{"taxonomy":"post_tag","embeddable":true,"href":"https:\/\/www.dissonanzstudien.de\/blog\/wp-json\/wp\/v2\/tags?post=4084"}],"curies":[{"name":"wp","href":"https:\/\/api.w.org\/{rel}","templated":true}]}}