{"id":5038,"date":"2018-11-23T17:21:29","date_gmt":"2018-11-23T16:21:29","guid":{"rendered":"http:\/\/www.dissonanzstudien.de\/blog\/?p=5038"},"modified":"2018-12-26T13:57:14","modified_gmt":"2018-12-26T12:57:14","slug":"berlin-24-11-2018-about-blank-staub","status":"publish","type":"post","link":"https:\/\/www.dissonanzstudien.de\/blog\/2018\/11\/23\/berlin-24-11-2018-about-blank-staub\/","title":{"rendered":"[berlin \/ 24.11.2018] about blank: staub"},"content":{"rendered":"<p>der letzte pflichttermin f\u00fcr diesen monat, dann ist es f\u00fcr dieses wochenende aber auch wirklich genug.<\/p>\n<p><a href=\"https:\/\/www.dissonanzstudien.de\/blog\/?attachment_id=5039\" rel=\"attachment wp-att-5039\"><img loading=\"lazy\" decoding=\"async\" class=\"alignnone size-full wp-image-5039\" src=\"https:\/\/www.dissonanzstudien.de\/blog\/wp-content\/data\/2018\/11\/staub20181124.jpg\" alt=\"\" width=\"1340\" height=\"1340\" srcset=\"https:\/\/www.dissonanzstudien.de\/blog\/wp-content\/data\/2018\/11\/staub20181124.jpg 1340w, https:\/\/www.dissonanzstudien.de\/blog\/wp-content\/data\/2018\/11\/staub20181124-150x150.jpg 150w, https:\/\/www.dissonanzstudien.de\/blog\/wp-content\/data\/2018\/11\/staub20181124-300x300.jpg 300w, https:\/\/www.dissonanzstudien.de\/blog\/wp-content\/data\/2018\/11\/staub20181124-768x768.jpg 768w, https:\/\/www.dissonanzstudien.de\/blog\/wp-content\/data\/2018\/11\/staub20181124-1024x1024.jpg 1024w, https:\/\/www.dissonanzstudien.de\/blog\/wp-content\/data\/2018\/11\/staub20181124-96x96.jpg 96w, https:\/\/www.dissonanzstudien.de\/blog\/wp-content\/data\/2018\/11\/staub20181124-24x24.jpg 24w, https:\/\/www.dissonanzstudien.de\/blog\/wp-content\/data\/2018\/11\/staub20181124-36x36.jpg 36w, https:\/\/www.dissonanzstudien.de\/blog\/wp-content\/data\/2018\/11\/staub20181124-48x48.jpg 48w, https:\/\/www.dissonanzstudien.de\/blog\/wp-content\/data\/2018\/11\/staub20181124-64x64.jpg 64w\" sizes=\"auto, (max-width: 1340px) 100vw, 1340px\" \/><\/a><\/p>\n<p><span style=\"text-decoration: underline;\">ablauf<\/span><\/p>\n<p><strong>lobby<\/strong><br \/>\n10h00 emika<br \/>\n13h00 kavander<br \/>\n16h00 magna pia<br \/>\n19h00 john osborn<\/p>\n<p><strong>mdf<\/strong><br \/>\n14h00 joaquin ruiz<br \/>\n16h30 jamie behan<br \/>\n18h30 strathy<br \/>\n20h30 haiku<\/p>\n<p><strong>zelt<\/strong><br \/>\n14h00 sabine hoffmann<br \/>\n17h00 bastus &amp; christian koch<\/p>\n<p><span style=\"text-decoration: underline;\">nachbetrachtung<\/span><\/p>\n<p>insgesamt solide staub, wobei ich ehrlich zugeben muss, dass es schon wesentlich bessere gab. nicht auf die stimmung bezogen &#8211; die passte schon. aber musikalisch kam ich beim mdf nicht wirklich rein. das klappte nur kurzzeitig bei jamie behan, wobei robert armanis &#8222;road tour&#8220; im dave clarke remix sowie &#8222;acid wiss&#8217;l&#8220; von dj skull &#8211; und damit 1990er-techno &#8211; bei mir bekanntlich immer gehen. aber sonst war mir das auf dauer zu holzig bzw. meine stimmung wahrscheinlich nicht danach. zumindest war der impuls nicht gegeben, tracks identifizieren oder gar notieren zu wollen, wenn man das als gradmesser nehmen m\u00f6chte.<\/p>\n<p>der umbau des zeltes ist weiter vorangeschritten. die neue deckenh\u00f6he ist geblieben und wird jetzt (als ob die w\u00fcnsche per telepathie erfasst werden) durch eine riesige discokugel ausgef\u00fcllt. der ein\/ausgang zum garten liegt jetzt seitlich zur garten-tanzfl\u00e4che, und das fast schon wichtigste: es gibt ein gr\u00f6\u00dferes dj-pult mit sch\u00f6n viel platz dahinter. das macht das zelt auch in den vermeintlich k\u00e4lteren monaten zu einem gr\u00f6\u00dferen und damit beinahe gleichwertigen floor zu drinnen. wie auch bei den letzten malen fand sich hier die groove-bastion, bei der auch hymnen inklusive waren \u00a0(&#8222;seconds&#8220; von human league zum mitsingen bei bastus &amp; christian).<\/p>\n<p>in puncto techno f\u00fchlte ich mich dieses mal eher bei der lobby heimisch mit magna pia und insbesondere john osborn, bei dem es sich schon wieder um jemanden handelt, der mich mit seinem talent f\u00fcr ineinanderpassende melodien neidisch macht. f\u00fcr meine begriffe eine idealbesetzung f\u00fcr den schluss. bot zusammen mit dem vorg\u00e4nger dann auch die abwechslung, die mir auf dem mdf fehlte.<\/p>\n","protected":false},"excerpt":{"rendered":"<p>der letzte pflichttermin f\u00fcr diesen monat, dann ist es f\u00fcr dieses wochenende aber auch wirklich genug. ablauf lobby 10h00 emika 13h00 kavander 16h00 magna pia 19h00 john osborn mdf 14h00 joaquin ruiz 16h30 jamie behan 18h30 strathy 20h30 haiku zelt 14h00 sabine hoffmann 17h00 bastus &amp; christian koch nachbetrachtung insgesamt solide staub, wobei ich ehrlich&hellip;<\/p>\n","protected":false},"author":1,"featured_media":0,"comment_status":"open","ping_status":"open","sticky":false,"template":"","format":"standard","meta":{"_lmt_disableupdate":"","_lmt_disable":"","footnotes":""},"categories":[5,6],"tags":[37,53],"class_list":["post-5038","post","type-post","status-publish","format-standard","hentry","category-stadtleben","category-terminkalender","tag-about-blank","tag-staub"],"modified_by":"stype","_links":{"self":[{"href":"https:\/\/www.dissonanzstudien.de\/blog\/wp-json\/wp\/v2\/posts\/5038","targetHints":{"allow":["GET"]}}],"collection":[{"href":"https:\/\/www.dissonanzstudien.de\/blog\/wp-json\/wp\/v2\/posts"}],"about":[{"href":"https:\/\/www.dissonanzstudien.de\/blog\/wp-json\/wp\/v2\/types\/post"}],"author":[{"embeddable":true,"href":"https:\/\/www.dissonanzstudien.de\/blog\/wp-json\/wp\/v2\/users\/1"}],"replies":[{"embeddable":true,"href":"https:\/\/www.dissonanzstudien.de\/blog\/wp-json\/wp\/v2\/comments?post=5038"}],"version-history":[{"count":4,"href":"https:\/\/www.dissonanzstudien.de\/blog\/wp-json\/wp\/v2\/posts\/5038\/revisions"}],"predecessor-version":[{"id":5182,"href":"https:\/\/www.dissonanzstudien.de\/blog\/wp-json\/wp\/v2\/posts\/5038\/revisions\/5182"}],"wp:attachment":[{"href":"https:\/\/www.dissonanzstudien.de\/blog\/wp-json\/wp\/v2\/media?parent=5038"}],"wp:term":[{"taxonomy":"category","embeddable":true,"href":"https:\/\/www.dissonanzstudien.de\/blog\/wp-json\/wp\/v2\/categories?post=5038"},{"taxonomy":"post_tag","embeddable":true,"href":"https:\/\/www.dissonanzstudien.de\/blog\/wp-json\/wp\/v2\/tags?post=5038"}],"curies":[{"name":"wp","href":"https:\/\/api.w.org\/{rel}","templated":true}]}}