{"id":8116,"date":"2026-03-12T13:08:00","date_gmt":"2026-03-12T12:08:00","guid":{"rendered":"https:\/\/www.dissonanzstudien.de\/blog\/?p=8116"},"modified":"2026-03-15T14:18:31","modified_gmt":"2026-03-15T13:18:31","slug":"berlin-14-03-2026-about-blank-staub","status":"publish","type":"post","link":"https:\/\/www.dissonanzstudien.de\/blog\/2026\/03\/12\/berlin-14-03-2026-about-blank-staub\/","title":{"rendered":"[berlin \/ 14.03.2026] about blank: staub"},"content":{"rendered":"\n<p>zweiter samstag im monat &#8211; da ist klar, was das hei\u00dft. f\u00fcr mich dieses mal zwischenstation zwischen zwei besuchen am wriezener karree. werde eher fr\u00fch da sein und auch fr\u00fcher gehen.<\/p>\n\n\n\n<figure class=\"wp-block-image size-large\"><img loading=\"lazy\" decoding=\"async\" width=\"1024\" height=\"1024\" src=\"https:\/\/www.dissonanzstudien.de\/blog\/wp-content\/data\/2026\/03\/staub20260314-1024x1024.webp\" alt=\"\" class=\"wp-image-8117\" srcset=\"https:\/\/www.dissonanzstudien.de\/blog\/wp-content\/data\/2026\/03\/staub20260314-1024x1024.webp 1024w, https:\/\/www.dissonanzstudien.de\/blog\/wp-content\/data\/2026\/03\/staub20260314-300x300.webp 300w, https:\/\/www.dissonanzstudien.de\/blog\/wp-content\/data\/2026\/03\/staub20260314-150x150.webp 150w, https:\/\/www.dissonanzstudien.de\/blog\/wp-content\/data\/2026\/03\/staub20260314-768x768.webp 768w, https:\/\/www.dissonanzstudien.de\/blog\/wp-content\/data\/2026\/03\/staub20260314.webp 1442w\" sizes=\"auto, (max-width: 1024px) 100vw, 1024px\" \/><\/figure>\n\n\n\n<h2 class=\"wp-block-heading\">ablauf<\/h2>\n\n\n\n<h3 class=\"wp-block-heading\">lobby<\/h3>\n\n\n\n<p>15:00 nadine talakovics<br>18:00 caleb esc<br>21:00 x tin<\/p>\n\n\n\n<h3 class=\"wp-block-heading\">zelt<\/h3>\n\n\n\n<p>12:00 moe<br>14:30 farhan<br>17:00 rapha.<br>19:30 kovvalsky<\/p>\n\n\n\n<h2 class=\"wp-block-heading\">nachbetrachtung<\/h2>\n\n\n\n<p>da wird &#8222;laberstaub, daher weniger ausf\u00fchrlich&#8220; zu meinem neuen evergreen. hab es in den ersten zwei stunden meiner anwesenheit (grob ab ca. 15:30 uhr) nicht weiter als zu der sitzfl\u00e4che am lobby-eingang geschafft. stellt eine v\u00f6llig neue dimension des ankommens und einen neuen rekord sowieso dar.<br><br>ansonsten flashback um zw\u00f6lf jahre zur\u00fcck, als ich die staub kennenlernte, die damals ausschlie\u00dflich auf der lobby stattfand. das lichtpult links hinter der bar fiel mir bereits bei den winter holidays auf. sollte das permanent sein: ist aus zweierlei gr\u00fcnden eine gute idee. erstens, weil das licht dadurch mal nicht auf autopilot l\u00e4uft und damit sch\u00f6n die musik akzentuiert. zweitens (v\u00f6llig uneigenn\u00fctzig) entsteht dadurch eine nische zwischen licht- und dj-pult. war schon vorher eine gute ecke, um etwas ungest\u00f6rter zu tanzen. das klappt jetzt noch besser, weil das lichtpult den publikumsverkehr dort minimiert.<br><br>im zelt war ich insgesamt vielleicht zwei minuten, also bleibt das aus der musikalischen bewertung raus. f\u00fcllgrad- sowie stimmungstechnisch hat&#8217;s mich gefreut, dass beide floors richtig gut funktioniert haben.<br>nadine auf der lobby meine klare favoritin &#8211; dubbig, sp\u00e4ter melodisch, immer treibend, super auf den punkt. hab nichts shazamt oder erkannt, daher bleibt&#8217;s bei der kurz-n\u00fcchternen beschreibung. caleb nahm verst\u00e4ndlicherweise etwas tempo heraus, aber auch bei ihm musste mensch sich wieder einmal um geschmacks- sowie technische sicherheit keine sorgen machen.<br><br>mich hat&#8217;s als \u00fcblicherweise erkl\u00e4rten lobby-skeptiker \u00fcberzeugt, von daher sch\u00f6n, dass die entscheidung so getroffen worden ist. gerne wieder, insbesondere in den helleren monaten. wegen der berghain-kantine im anschluss blieb&#8217;s f\u00fcr mich bei &#8222;nur&#8220; vier stunden. war jedoch auch eine gute entscheidung.<\/p>\n\n\n\n<h2 class=\"wp-block-heading\"><strong>notierte tracks<\/strong><\/h2>\n\n\n\n<h3 class=\"wp-block-heading\">caleb esc<\/h3>\n\n\n\n<p>function &#8211; disaffected<br>cirkle &#8211; machina<br>decka &#8211; under influence<br>o\/v\/r &#8211; interior<\/p>\n","protected":false},"excerpt":{"rendered":"<p>zweiter samstag im monat &#8211; da ist klar, was das hei\u00dft. f\u00fcr mich dieses mal zwischenstation zwischen zwei besuchen am wriezener karree. werde eher fr\u00fch da sein und auch fr\u00fcher gehen. ablauf lobby 15:00 nadine talakovics18:00 caleb esc21:00 x tin zelt 12:00 moe14:30 farhan17:00 rapha.19:30 kovvalsky nachbetrachtung da wird &#8222;laberstaub, daher weniger ausf\u00fchrlich&#8220; zu meinem&hellip;<\/p>\n","protected":false},"author":1,"featured_media":0,"comment_status":"open","ping_status":"open","sticky":false,"template":"","format":"standard","meta":{"_lmt_disableupdate":"","_lmt_disable":"","footnotes":""},"categories":[5,6],"tags":[37,53],"class_list":["post-8116","post","type-post","status-publish","format-standard","hentry","category-stadtleben","category-terminkalender","tag-about-blank","tag-staub"],"modified_by":"stype","_links":{"self":[{"href":"https:\/\/www.dissonanzstudien.de\/blog\/wp-json\/wp\/v2\/posts\/8116","targetHints":{"allow":["GET"]}}],"collection":[{"href":"https:\/\/www.dissonanzstudien.de\/blog\/wp-json\/wp\/v2\/posts"}],"about":[{"href":"https:\/\/www.dissonanzstudien.de\/blog\/wp-json\/wp\/v2\/types\/post"}],"author":[{"embeddable":true,"href":"https:\/\/www.dissonanzstudien.de\/blog\/wp-json\/wp\/v2\/users\/1"}],"replies":[{"embeddable":true,"href":"https:\/\/www.dissonanzstudien.de\/blog\/wp-json\/wp\/v2\/comments?post=8116"}],"version-history":[{"count":2,"href":"https:\/\/www.dissonanzstudien.de\/blog\/wp-json\/wp\/v2\/posts\/8116\/revisions"}],"predecessor-version":[{"id":8125,"href":"https:\/\/www.dissonanzstudien.de\/blog\/wp-json\/wp\/v2\/posts\/8116\/revisions\/8125"}],"wp:attachment":[{"href":"https:\/\/www.dissonanzstudien.de\/blog\/wp-json\/wp\/v2\/media?parent=8116"}],"wp:term":[{"taxonomy":"category","embeddable":true,"href":"https:\/\/www.dissonanzstudien.de\/blog\/wp-json\/wp\/v2\/categories?post=8116"},{"taxonomy":"post_tag","embeddable":true,"href":"https:\/\/www.dissonanzstudien.de\/blog\/wp-json\/wp\/v2\/tags?post=8116"}],"curies":[{"name":"wp","href":"https:\/\/api.w.org\/{rel}","templated":true}]}}